{"id":2736,"date":"2024-09-01T20:02:06","date_gmt":"2024-09-01T18:02:06","guid":{"rendered":"https:\/\/www2.jurencakova.cz\/?p=2736"},"modified":"2024-09-01T20:03:44","modified_gmt":"2024-09-01T18:03:44","slug":"volebni-vizitka","status":"publish","type":"post","link":"https:\/\/www2.jurencakova.cz\/index.php\/2024\/09\/01\/volebni-vizitka\/","title":{"rendered":"Volebn\u00ed vizitka"},"content":{"rendered":"\n<p><img decoding=\"async\" src=\"https:\/\/g.denik.cz\/83\/97\/foto-jana-jurencakova-300x300_denik-180-1x1.jpg\" srcset=\"https:\/\/g.denik.cz\/83\/97\/foto-jana-jurencakova-300x300_denik-180-1x1.jpg 1x, https:\/\/g.denik.cz\/83\/97\/foto-jana-jurencakova-300x300_denik-180-1x1@2x.jpg 2x\" width=\"148\" height=\"148\" alt=\"Ing. Jana Ju\u0159en\u010d\u00e1kov\u00e1\"><\/p>\n\n\n\n<h2 class=\"wp-block-heading\">Ing. Jana Ju\u0159en\u010d\u00e1kov\u00e1<\/h2>\n\n\n\n<p>NEZ\u00c1VISL\u00cd<\/p>\n\n\n\n<p><strong>KDO JSEM:<\/strong>&nbsp;<br>Jsem \u017eena, kter\u00e1 \u017eije pro svou rodinu, m\u00e1m dv\u011b d\u011bti a \u0161est vnou\u010dat, sna\u017e\u00edm se b\u00fdt dobr\u00fdm \u010dlov\u011bkem.&nbsp; Za sebou m\u00e1m bohat\u00fd \u017eivot pln\u00fd zku\u0161enost\u00ed a touhu ud\u011blat n\u00e1\u0161 kraj lep\u0161\u00edm m\u00edstem pro v\u0161echny generace.&nbsp;<\/p>\n\n\n\n<p><strong>PRO\u010c KANDIDUJI VE VOLB\u00c1CH DO SEN\u00c1TU?<\/strong>&nbsp;<br>Kandiduji, proto\u017ee v\u011b\u0159\u00edm, \u017ee je \u010das na zm\u011bnu. Stejn\u011b jako vy, i j\u00e1 chci, aby se v\u011bci kolem n\u00e1s zlep\u0161ily. Kdy\u017e nejsem spokojen\u00e1 s t\u00edm, co vid\u00edm, beru to do vlastn\u00edch rukou &#8211; a tak tomu bude i te\u010f.&nbsp;<\/p>\n\n\n\n<p><em><strong>CO V\u00c1M NAB\u00cdZ\u00cdM:<\/strong><\/em><\/p>\n\n\n\n<p><strong>ZNALOSTI:<\/strong> D\u00edky dlouholet\u00fdm zku\u0161enostem v oblasti dan\u00ed, mezd, d\u016fchod\u016f, personalistiky a ekonomiky mohu efektivn\u011b pracovat na legislativ\u011b, kter\u00e1 m\u00e1 skute\u010dn\u00fd dopad.&nbsp;<\/p>\n\n\n\n<p><strong>ZKU\u0160ENOSTI:<\/strong> Pracovala jsem na M\u011bstsk\u00e9m \u00fa\u0159ad\u011b ve Slavi\u010d\u00edn\u011b, byla jsem starostkou Rokytnice, sen\u00e1torkou, poradkyn\u00ed ministryn\u011b pr\u00e1ce a soci\u00e1ln\u00edch v\u011bc\u00ed a p\u0159edn\u00e1\u0161ela jsem na Univerzit\u011b Tom\u00e1\u0161e Bati ve Zl\u00edn\u011b. Byla jsem tak\u00e9 dva roky &nbsp;p\u0159edsedkyn\u00ed Sdru\u017een\u00ed m\u00edstn\u00edch samospr\u00e1v \u010cR.<\/p>\n\n\n\n<p><strong>ODVAHU:<\/strong> Neboj\u00edm se postavit za sv\u00e9 hodnoty &#8211; ani kdy\u017e to znamen\u00e1 \u010delit v\u00fdhru\u017ek\u00e1m, jako tomu bylo p\u0159i prezidentsk\u00e9 volb\u011b v roce 2008.<\/p>\n\n\n\n<p><strong>EMPATII A SELSK\u00dd ROZUM:<\/strong> M\u00e1m smysl pro spravedlnost a v\u017edy se sna\u017e\u00edm ch\u00e1pat pot\u0159eby druh\u00fdch.<\/p>\n\n\n\n<p><strong>PROPOJENOST S REGIONEM:<\/strong> Narodila jsem se zde a cel\u00fd sv\u016fj \u017eivot v\u011bnuji na\u0161emu kraji. Zn\u00e1m pot\u0159eby a probl\u00e9my na\u0161ich obc\u00ed a m\u011bst.<\/p>\n\n\n\n<p><strong>NEZ\u00c1VISLOST:<\/strong> M\u00e1m vlastn\u00ed n\u00e1zor a nenech\u00e1m se ovlivnit tlakem zven\u010d\u00ed.<\/p>\n\n\n\n<p><strong>UM\u011aN\u00cd POM\u00c1HAT:<\/strong> Jsem tu pro v\u00e1s, abych \u0159e\u0161ila va\u0161e probl\u00e9my a pom\u00e1hala tam, kde je to pot\u0159eba.<\/p>\n\n\n\n<p><strong>PODPORU KULTURY:<\/strong> Stejn\u011b jako v minulosti, budu se i nad\u00e1le zasazovat o podporu region\u00e1ln\u00edch soubor\u016f a um\u011blc\u016f.<\/p>\n\n\n\n<p><strong>SPORTOVN\u00cdHO DUCHA:<\/strong> Jako b\u00fdval\u00fd sportovec se dr\u017e\u00edm&nbsp; princip\u016f fair play a v\u017edy bojuji za spravedlnost.<\/p>\n\n\n\n<p><\/p>\n","protected":false},"excerpt":{"rendered":"<p>Ing. Jana Ju\u0159en\u010d\u00e1kov\u00e1 NEZ\u00c1VISL\u00cd KDO JSEM:&nbsp;Jsem \u017eena, kter\u00e1 \u017eije pro svou rodinu, m\u00e1m dv\u011b d\u011bti a \u0161est vnou\u010dat, sna\u017e\u00edm se b\u00fdt dobr\u00fdm \u010dlov\u011bkem.&nbsp; Za sebou m\u00e1m bohat\u00fd \u017eivot pln\u00fd zku\u0161enost\u00ed [&hellip;]<\/p>\n","protected":false},"author":1,"featured_media":0,"comment_status":"closed","ping_status":"closed","sticky":false,"template":"","format":"standard","meta":{"footnotes":""},"categories":[1],"tags":[],"class_list":["post-2736","post","type-post","status-publish","format-standard","hentry","category-uncategorized"],"_links":{"self":[{"href":"https:\/\/www2.jurencakova.cz\/index.php\/wp-json\/wp\/v2\/posts\/2736","targetHints":{"allow":["GET"]}}],"collection":[{"href":"https:\/\/www2.jurencakova.cz\/index.php\/wp-json\/wp\/v2\/posts"}],"about":[{"href":"https:\/\/www2.jurencakova.cz\/index.php\/wp-json\/wp\/v2\/types\/post"}],"author":[{"embeddable":true,"href":"https:\/\/www2.jurencakova.cz\/index.php\/wp-json\/wp\/v2\/users\/1"}],"replies":[{"embeddable":true,"href":"https:\/\/www2.jurencakova.cz\/index.php\/wp-json\/wp\/v2\/comments?post=2736"}],"version-history":[{"count":2,"href":"https:\/\/www2.jurencakova.cz\/index.php\/wp-json\/wp\/v2\/posts\/2736\/revisions"}],"predecessor-version":[{"id":2739,"href":"https:\/\/www2.jurencakova.cz\/index.php\/wp-json\/wp\/v2\/posts\/2736\/revisions\/2739"}],"wp:attachment":[{"href":"https:\/\/www2.jurencakova.cz\/index.php\/wp-json\/wp\/v2\/media?parent=2736"}],"wp:term":[{"taxonomy":"category","embeddable":true,"href":"https:\/\/www2.jurencakova.cz\/index.php\/wp-json\/wp\/v2\/categories?post=2736"},{"taxonomy":"post_tag","embeddable":true,"href":"https:\/\/www2.jurencakova.cz\/index.php\/wp-json\/wp\/v2\/tags?post=2736"}],"curies":[{"name":"wp","href":"https:\/\/api.w.org\/{rel}","templated":true}]}}