{"id":2743,"date":"2024-09-03T19:18:49","date_gmt":"2024-09-03T17:18:49","guid":{"rendered":"https:\/\/www2.jurencakova.cz\/?p=2743"},"modified":"2024-09-03T19:18:51","modified_gmt":"2024-09-03T17:18:51","slug":"ty-jsi-porad-stejna","status":"publish","type":"post","link":"https:\/\/www2.jurencakova.cz\/index.php\/2024\/09\/03\/ty-jsi-porad-stejna\/","title":{"rendered":"&#8222;Ty jsi po\u0159\u00e1d stejn\u00e1&#8220;"},"content":{"rendered":"\n<p>Dnes m\u011b v m\u00e9m \u00fasil\u00ed podpo\u0159il pan starosta B\u0159ezolup ing. Petr Kukla, moc p\u0159\u00edjemn\u00e9 setk\u00e1n\u00ed <img decoding=\"async\" height=\"16\" width=\"16\" src=\"https:\/\/static.xx.fbcdn.net\/images\/emoji.php\/v9\/tbd\/3\/16\/1f60a.png\" alt=\"\ud83d\ude0a\"> V p\u0159\u00edpad\u011b m\u00e9ho zvoleni budeme m\u00edt hodn\u011b n\u00e1m\u011bt\u016f k \u0159e\u0161en\u00ed <img decoding=\"async\" height=\"16\" width=\"16\" src=\"https:\/\/static.xx.fbcdn.net\/images\/emoji.php\/v9\/tbd\/3\/16\/1f60a.png\" alt=\"\ud83d\ude0a\"> P\u0159i p\u0159iv\u00edt\u00e1n\u00ed m\u011b pot\u011b\u0161il:\u201dTy jsi po\u0159\u00e1d stejn\u00e1<img decoding=\"async\" height=\"16\" width=\"16\" src=\"https:\/\/static.xx.fbcdn.net\/images\/emoji.php\/v9\/tbd\/3\/16\/1f60a.png\" alt=\"\ud83d\ude0a\">.\u201d<\/p>\n\n\n\n<p><\/p>\n\n\n<div class=\"wp-block-image\">\n<figure class=\"aligncenter size-full\"><img fetchpriority=\"high\" decoding=\"async\" width=\"480\" height=\"640\" src=\"https:\/\/www2.jurencakova.cz\/wp-content\/uploads\/2024\/09\/IMG_7591-rotated.jpg\" alt=\"\" class=\"wp-image-2744\" srcset=\"https:\/\/www2.jurencakova.cz\/wp-content\/uploads\/2024\/09\/IMG_7591-rotated.jpg 480w, https:\/\/www2.jurencakova.cz\/wp-content\/uploads\/2024\/09\/IMG_7591-225x300.jpg 225w, https:\/\/www2.jurencakova.cz\/wp-content\/uploads\/2024\/09\/IMG_7591-413x550.jpg 413w, https:\/\/www2.jurencakova.cz\/wp-content\/uploads\/2024\/09\/IMG_7591-300x400.jpg 300w, https:\/\/www2.jurencakova.cz\/wp-content\/uploads\/2024\/09\/IMG_7591-180x240.jpg 180w, https:\/\/www2.jurencakova.cz\/wp-content\/uploads\/2024\/09\/IMG_7591-150x200.jpg 150w\" sizes=\"(max-width: 480px) 100vw, 480px\" \/><\/figure>\n<\/div>","protected":false},"excerpt":{"rendered":"<p>Dnes m\u011b v m\u00e9m \u00fasil\u00ed podpo\u0159il pan starosta B\u0159ezolup ing. Petr Kukla, moc p\u0159\u00edjemn\u00e9 setk\u00e1n\u00ed V p\u0159\u00edpad\u011b m\u00e9ho zvoleni budeme m\u00edt hodn\u011b n\u00e1m\u011bt\u016f k \u0159e\u0161en\u00ed P\u0159i p\u0159iv\u00edt\u00e1n\u00ed m\u011b pot\u011b\u0161il:\u201dTy jsi [&hellip;]<\/p>\n","protected":false},"author":1,"featured_media":0,"comment_status":"closed","ping_status":"closed","sticky":false,"template":"","format":"standard","meta":{"footnotes":""},"categories":[1],"tags":[],"class_list":["post-2743","post","type-post","status-publish","format-standard","hentry","category-uncategorized"],"_links":{"self":[{"href":"https:\/\/www2.jurencakova.cz\/index.php\/wp-json\/wp\/v2\/posts\/2743","targetHints":{"allow":["GET"]}}],"collection":[{"href":"https:\/\/www2.jurencakova.cz\/index.php\/wp-json\/wp\/v2\/posts"}],"about":[{"href":"https:\/\/www2.jurencakova.cz\/index.php\/wp-json\/wp\/v2\/types\/post"}],"author":[{"embeddable":true,"href":"https:\/\/www2.jurencakova.cz\/index.php\/wp-json\/wp\/v2\/users\/1"}],"replies":[{"embeddable":true,"href":"https:\/\/www2.jurencakova.cz\/index.php\/wp-json\/wp\/v2\/comments?post=2743"}],"version-history":[{"count":1,"href":"https:\/\/www2.jurencakova.cz\/index.php\/wp-json\/wp\/v2\/posts\/2743\/revisions"}],"predecessor-version":[{"id":2745,"href":"https:\/\/www2.jurencakova.cz\/index.php\/wp-json\/wp\/v2\/posts\/2743\/revisions\/2745"}],"wp:attachment":[{"href":"https:\/\/www2.jurencakova.cz\/index.php\/wp-json\/wp\/v2\/media?parent=2743"}],"wp:term":[{"taxonomy":"category","embeddable":true,"href":"https:\/\/www2.jurencakova.cz\/index.php\/wp-json\/wp\/v2\/categories?post=2743"},{"taxonomy":"post_tag","embeddable":true,"href":"https:\/\/www2.jurencakova.cz\/index.php\/wp-json\/wp\/v2\/tags?post=2743"}],"curies":[{"name":"wp","href":"https:\/\/api.w.org\/{rel}","templated":true}]}}