{"id":2747,"date":"2024-09-10T20:40:43","date_gmt":"2024-09-10T18:40:43","guid":{"rendered":"https:\/\/www2.jurencakova.cz\/?p=2747"},"modified":"2024-09-10T20:43:15","modified_gmt":"2024-09-10T18:43:15","slug":"vas-hlas-pro-spravedlnost-a-rozvoj-regionu","status":"publish","type":"post","link":"https:\/\/www2.jurencakova.cz\/index.php\/2024\/09\/10\/vas-hlas-pro-spravedlnost-a-rozvoj-regionu\/","title":{"rendered":"V\u00e1\u0161 hlas pro spravedlnost a rozvoj regionu!"},"content":{"rendered":"\n<h2 class=\"wp-block-heading has-first-color-color has-text-color has-link-color wp-elements-e58c0dc4b3c96a819a0939494415685b\"><strong>ING. JANA JU\u0158EN\u010c\u00c1KOV\u00c1<\/strong><br> da\u0148ov\u00fd poradce a ekonomick\u00fd expert<\/h2>\n\n\n\n<p><\/p>\n\n\n\n<p class=\"has-second-color-color has-text-color has-link-color wp-elements-81111c200df76502428e18e3c6e4e1e8\">V\u00c1\u0160 HLAS PRO SPRAVEDLNOST A ROZVOJ REGIONU!<\/p>\n\n\n<div class=\"wp-block-image\">\n<figure class=\"alignright size-full\"><img fetchpriority=\"high\" decoding=\"async\" width=\"252\" height=\"252\" src=\"https:\/\/www2.jurencakova.cz\/wp-content\/uploads\/2024\/09\/image-1.png\" alt=\"\" class=\"wp-image-2749\" srcset=\"https:\/\/www2.jurencakova.cz\/wp-content\/uploads\/2024\/09\/image-1.png 252w, https:\/\/www2.jurencakova.cz\/wp-content\/uploads\/2024\/09\/image-1-150x150.png 150w, https:\/\/www2.jurencakova.cz\/wp-content\/uploads\/2024\/09\/image-1-240x240.png 240w, https:\/\/www2.jurencakova.cz\/wp-content\/uploads\/2024\/09\/image-1-200x200.png 200w, https:\/\/www2.jurencakova.cz\/wp-content\/uploads\/2024\/09\/image-1-64x64.png 64w, https:\/\/www2.jurencakova.cz\/wp-content\/uploads\/2024\/09\/image-1-100x100.png 100w\" sizes=\"(max-width: 252px) 100vw, 252px\" \/><\/figure>\n<\/div>\n\n\n<p class=\"has-first-color-color has-text-color has-link-color wp-elements-d484ee467b6c2dd3ed6a3e3f1e37ac9c\">KDO JSEM | Jsem \u017eena, kter\u00e1 \u017eije pro svou rodinu, m\u00e1m dv\u011b d\u011bti a \u0161est vnou\u010dat. Sna\u017e\u00edm se b\u00fdt dobr\u00fdm \u010dlov\u011bkem. Za sebou m\u00e1m bohat\u00fd \u017eivot pln\u00fd zku\u0161enost\u00ed a touhu ud\u011blat n\u00e1\u0161 kraj lep\u0161\u00edm m\u00edstem pro v\u0161echny generace.<\/p>\n\n\n\n<p class=\"has-first-color-color has-text-color has-link-color wp-elements-251391664082e529d312fb286ea71be7\">PRO\u010c KANDIDUJI VE VOLB\u00c1CH DO SEN\u00c1TU | Kandiduji, proto\u017ee v\u011b\u0159\u00edm, \u017ee je \u010das na zm\u011bnu. Stejn\u011b jako vy, i j\u00e1 chci, aby se v\u011bci kolem n\u00e1s zlep\u0161ily. Kdy\u017e nejsem spokojen\u00e1 s t\u00edm, co vid\u00edm, beru to do vlastn\u00edch rukou \u2013 a tak tomu bude i te\u010f.<\/p>\n\n\n\n<p class=\"has-first-color-color has-text-color has-link-color wp-elements-104d96d6c7e8df1211a03750ec3dc694\">CO V\u00c1M NAB\u00cdZ\u00cdM<\/p>\n\n\n\n<p class=\"has-first-color-color has-text-color has-link-color wp-elements-d9f49ad894cd7acbcb72aff459f7b246\"><strong>ZNALOSTI <\/strong><strong>| <\/strong>D\u00edky dlouholet\u00fdm zku\u0161enostem v oblasti dan\u00ed, mezd, d\u016fchod\u016f, personalistiky a ekonomiky mohu efektivn\u011b pracovat na legislativ\u011b, kter\u00e1 m\u00e1 skute\u010dn\u00fd dopad.<br><strong>ZKU\u0160ENOSTI <\/strong><strong>| <\/strong>Pracovala jsem na M\u011bstsk\u00e9m \u00fa\u0159ad\u011b ve Slavi\u010d\u00edn\u011b, byla jsem starostkou Rokytnice, sen\u00e1torkou, poradkyn\u00ed ministryn\u011b pr\u00e1ce a soci\u00e1ln\u00edch v\u011bc\u00ed a p\u0159edn\u00e1\u0161ela jsem na Univerzit\u011b Tom\u00e1\u0161e Bati ve Zl\u00edn\u011b. Byla jsem tak\u00e9 dva roky p\u0159edsedkyn\u00ed Sdru\u017een\u00ed m\u00edstn\u00edch samospr\u00e1v \u010cR.<br><strong>ODVAHU <\/strong><strong>| <\/strong>Neboj\u00edm se postavit za sv\u00e9 hodnoty \u2013 ani kdy\u017e to znamen\u00e1 \u010delit v\u00fdhru\u017ek\u00e1m, jako tomu bylo p\u0159i prezidentsk\u00e9 volb\u011b v roce 2008.<br><strong>EMPATII A SELSK\u00dd ROZUM <\/strong><strong>| <\/strong>M\u00e1m smysl pro spravedlnost a v\u017edy se sna\u017e\u00edm ch\u00e1pat pot\u0159eby druh\u00fdch.<br><strong>PROPOJENOST S REGIONEM <\/strong><strong>| <\/strong>Narodila jsem se zde a cel\u00fd sv\u016fj \u017eivot v\u011bnuji na\u0161emu kraji. Zn\u00e1m pot\u0159eby a probl\u00e9my na\u0161ich obc\u00ed a m\u011bst.<br><strong>NEZ\u00c1VISLOST <\/strong><strong>| <\/strong>M\u00e1m vlastn\u00ed n\u00e1zor a nenech\u00e1m se ovlivnit tlakem zven\u010d\u00ed.<br><strong>UM\u011aN\u00cd POM\u00c1HAT <\/strong><strong>| <\/strong>Jsem tu pro v\u00e1s, abych \u0159e\u0161ila va\u0161e probl\u00e9my a pom\u00e1hala tam, kde je to pot\u0159eba. <strong>PODPORU KULTURY <\/strong><strong>| <\/strong>Stejn\u011b jako v minulosti, budu se i nad\u00e1le zasazovat o podporu region\u00e1ln\u00edch soubor\u016f a um\u011blc\u016f.<br><strong>SPORTOVN\u00cdHO DUCHA <\/strong><strong>| <\/strong>Jako b\u00fdval\u00fd sportovec se dr\u017e\u00edm princip\u016f fair play a v\u017edy bojuji za spravedlnost.<\/p>\n\n\n\n<p><\/p>\n\n\n\n<p class=\"has-second-color-color has-text-color has-link-color wp-elements-68fc3866ab80abf4c6f5414af62ffa99\"><strong>VOLBY DO SEN\u00c1TU P\u010cR 20.\u201321. Z\u00c1\u0158\u00cd 2024<\/strong><\/p>\n\n\n\n<p><\/p>\n\n\n<div class=\"wp-block-image\">\n<figure class=\"alignright size-full is-resized\"><img decoding=\"async\" width=\"168\" height=\"119\" src=\"https:\/\/www2.jurencakova.cz\/wp-content\/uploads\/2024\/09\/image.png\" alt=\"\" class=\"wp-image-2748\" style=\"width:170px;height:auto\"\/><\/figure>\n<\/div>\n\n\n<p><br><\/p>\n\n\n\n<p><\/p>\n","protected":false},"excerpt":{"rendered":"<p>ING. JANA JU\u0158EN\u010c\u00c1KOV\u00c1 da\u0148ov\u00fd poradce a ekonomick\u00fd expert V\u00c1\u0160 HLAS PRO SPRAVEDLNOST A ROZVOJ REGIONU! KDO JSEM | Jsem \u017eena, kter\u00e1 \u017eije pro svou rodinu, m\u00e1m dv\u011b d\u011bti a \u0161est [&hellip;]<\/p>\n","protected":false},"author":1,"featured_media":0,"comment_status":"closed","ping_status":"closed","sticky":false,"template":"","format":"standard","meta":{"footnotes":""},"categories":[1],"tags":[],"class_list":["post-2747","post","type-post","status-publish","format-standard","hentry","category-uncategorized"],"_links":{"self":[{"href":"https:\/\/www2.jurencakova.cz\/index.php\/wp-json\/wp\/v2\/posts\/2747","targetHints":{"allow":["GET"]}}],"collection":[{"href":"https:\/\/www2.jurencakova.cz\/index.php\/wp-json\/wp\/v2\/posts"}],"about":[{"href":"https:\/\/www2.jurencakova.cz\/index.php\/wp-json\/wp\/v2\/types\/post"}],"author":[{"embeddable":true,"href":"https:\/\/www2.jurencakova.cz\/index.php\/wp-json\/wp\/v2\/users\/1"}],"replies":[{"embeddable":true,"href":"https:\/\/www2.jurencakova.cz\/index.php\/wp-json\/wp\/v2\/comments?post=2747"}],"version-history":[{"count":3,"href":"https:\/\/www2.jurencakova.cz\/index.php\/wp-json\/wp\/v2\/posts\/2747\/revisions"}],"predecessor-version":[{"id":2753,"href":"https:\/\/www2.jurencakova.cz\/index.php\/wp-json\/wp\/v2\/posts\/2747\/revisions\/2753"}],"wp:attachment":[{"href":"https:\/\/www2.jurencakova.cz\/index.php\/wp-json\/wp\/v2\/media?parent=2747"}],"wp:term":[{"taxonomy":"category","embeddable":true,"href":"https:\/\/www2.jurencakova.cz\/index.php\/wp-json\/wp\/v2\/categories?post=2747"},{"taxonomy":"post_tag","embeddable":true,"href":"https:\/\/www2.jurencakova.cz\/index.php\/wp-json\/wp\/v2\/tags?post=2747"}],"curies":[{"name":"wp","href":"https:\/\/api.w.org\/{rel}","templated":true}]}}